{"id":21418,"date":"2025-01-07T06:55:36","date_gmt":"2025-01-07T11:55:36","guid":{"rendered":"https:\/\/viahr.org\/staging\/8024\/?p=21418"},"modified":"2025-01-07T06:55:37","modified_gmt":"2025-01-07T11:55:37","slug":"haz-una-pausa-con-nosotros-%f0%9f%8c%bf%e2%9c%a8","status":"publish","type":"post","link":"https:\/\/viahr.org\/staging\/8024\/haz-una-pausa-con-nosotros-%f0%9f%8c%bf%e2%9c%a8\/","title":{"rendered":"Haz una pausa con nosotros ?\u2728"},"content":{"rendered":"\n<p>La vida cotidiana puede ser abrumadora, con exigencias constantes que a menudo nos dejan sin tiempo para respirar. Sin embargo, hacer una pausa, incluso en los d\u00edas m\u00e1s ocupados, puede marcar la diferencia en nuestra salud mental y emocional. Te invitamos a reflexionar y aprender con nosotros sobre el poder de detenernos.<\/p>\n\n\n\n<h2 class=\"wp-block-heading\">La importancia de detenerse en un d\u00eda agitado<\/h2>\n\n\n\n<p><strong>\u00bfPor qu\u00e9 hacer una pausa es necesario?<\/strong><\/p>\n\n\n\n<p>A veces, nos encontramos tan inmersos en nuestras tareas diarias que olvidamos cuidar de nosotros mismos. Hacer una pausa nos permite reconectar con el presente, reducir el estr\u00e9s y ganar claridad. Incluso algo tan simple como observar un objeto cercano \u2014su textura, colores y sombras\u2014 puede ayudarnos a salir del modo autom\u00e1tico y recargar nuestras energ\u00edas.<\/p>\n\n\n\n<h4 class=\"wp-block-heading\"><strong>C\u00f3mo observar nuestro entorno puede ayudarnos a desconectar<\/strong><\/h4>\n\n\n\n<p>La atenci\u00f3n plena es una herramienta poderosa para contrarrestar la ansiedad. Al enfocarnos en los detalles de nuestro entorno, entrenamos nuestra mente para estar en el aqu\u00ed y el ahora. Este sencillo ejercicio no solo reduce el estr\u00e9s, sino que tambi\u00e9n nos recuerda que las pausas son esenciales, incluso en los d\u00edas m\u00e1s tranquilos.<\/p>\n\n\n\n<h2 class=\"wp-block-heading\">Nuestra experiencia en el Congreso &#8220;Bienestar sin Burnout&#8221;<\/h2>\n\n\n\n<p><strong>Reflexiones guiadas por Alejandra Vallejo-N\u00e1gera y Jorge Corella<\/strong><\/p>\n\n\n\n<p>Durante el Congreso &#8220;Bienestar sin Burnout&#8221;, en Madrid, tuvimos la oportunidad de reflexionar profundamente sobre la importancia de hacer pausas conscientes. Guiados por expertos como Alejandra Vallejo-N\u00e1gera y Jorge Corella, exploramos c\u00f3mo las cargas emocionales afectan nuestra vida diaria y c\u00f3mo liberarnos de ellas para avanzar con ligereza.<\/p>\n\n\n\n<h4 class=\"wp-block-heading\"><strong>Soltar las cargas emocionales: un camino hacia la libertad<\/strong><\/h4>\n\n\n\n<p>En la actividad de la caminata llevada a cabo en el marco del <strong>segundo congreso para prevenir el burnout<\/strong>, aprendimos que nuestras emociones son como una mochila que llevamos a cuestas. A menudo, esa mochila est\u00e1 llena de preocupaciones, expectativas y estr\u00e9s. Soltar estas cargas nos permite avanzar con mayor libertad y disfrutar del presente. Esta reflexi\u00f3n nos record\u00f3 que las pausas no son un lujo, sino una necesidad.<\/p>\n\n\n\n<h3 class=\"wp-block-heading\">Insp\u00edrate con nuestra vivencia en Madrid<\/h3>\n\n\n\n<h4 class=\"wp-block-heading\"><strong>Descubre nuestro video especial: los mejores momentos<\/strong><\/h4>\n\n\n\n<figure class=\"wp-block-embed is-type-video is-provider-youtube wp-block-embed-youtube wp-embed-aspect-16-9 wp-has-aspect-ratio\" style=\"margin-top:var(--wp--preset--spacing--20);margin-right:var(--wp--preset--spacing--20);margin-bottom:var(--wp--preset--spacing--20);margin-left:var(--wp--preset--spacing--20)\"><div class=\"wp-block-embed__wrapper\">\n<iframe title=\"Revive la experiencia de pausa del Congreso &#039;Bienestar sin Burnout&#039;. ?\" width=\"500\" height=\"281\" src=\"https:\/\/www.youtube.com\/embed\/VwTxWJH9vjM?feature=oembed\" frameborder=\"0\" allow=\"accelerometer; autoplay; clipboard-write; encrypted-media; gyroscope; picture-in-picture; web-share\" referrerpolicy=\"strict-origin-when-cross-origin\" allowfullscreen><\/iframe>\n<\/div><\/figure>\n\n\n\n<p>Hemos creado un video que captura los momentos m\u00e1s significativos de nuestra experiencia en el Congreso &#8220;<strong>Bienestar sin Burnout<\/strong>&#8220;. Este material te mostrar\u00e1 c\u00f3mo las pausas conscientes pueden transformar tu d\u00eda a d\u00eda, ayud\u00e1ndote a desconectar del estr\u00e9s y reconectar contigo mismo.<\/p>\n\n\n\n<h4 class=\"wp-block-heading\"><strong>C\u00f3mo aplicar las pausas conscientes en tu vida diaria<\/strong><\/h4>\n\n\n\n<p>Incorporar pausas conscientes en tu rutina no requiere grandes cambios. Comienza con peque\u00f1os pasos:<\/p>\n\n\n\n<ul class=\"wp-block-list\">\n<li>Dedica unos minutos al d\u00eda para observar tu entorno.<\/li>\n\n\n\n<li>Practica la respiraci\u00f3n profunda para calmar tu mente.<\/li>\n\n\n\n<li>Reflexiona sobre tus emociones y suelta aquellas que ya no necesitas cargar.<\/li>\n<\/ul>\n\n\n\n<p>Peque\u00f1os h\u00e1bitos como estos pueden tener un gran impacto en tu bienestar personal y laboral.<\/p>\n\n\n\n<p>Hacer una pausa no solo es un acto de cuidado personal, sino una oportunidad para encontrar claridad y equilibrio. Te invitamos a explorar estas pr\u00e1cticas con nosotros y a transformar tu relaci\u00f3n con el estr\u00e9s. <strong>Haz una pausa, respira y reconecta.<\/strong><\/p>\n","protected":false},"excerpt":{"rendered":"<p>La vida cotidiana puede ser abrumadora, con exigencias constantes que a menudo nos dejan sin tiempo para respirar. Sin embargo, hacer una pausa, incluso en los d\u00edas m\u00e1s ocupados, puede marcar la diferencia en nuestra salud mental y emocional. Te invitamos a reflexionar y aprender con nosotros sobre el poder de detenernos. La importancia de [&hellip;]<\/p>\n","protected":false},"author":5,"featured_media":21420,"comment_status":"open","ping_status":"open","sticky":false,"template":"","format":"standard","meta":{"_acf_changed":false,"nf_dc_page":"","om_disable_all_campaigns":false,"_monsterinsights_skip_tracking":false,"_monsterinsights_sitenote_active":false,"_monsterinsights_sitenote_note":"","_monsterinsights_sitenote_category":0,"site-sidebar-layout":"default","site-content-layout":"","ast-site-content-layout":"default","site-content-style":"default","site-sidebar-style":"default","ast-global-header-display":"","ast-banner-title-visibility":"","ast-main-header-display":"","ast-hfb-above-header-display":"","ast-hfb-below-header-display":"","ast-hfb-mobile-header-display":"","site-post-title":"","ast-breadcrumbs-content":"","ast-featured-img":"","footer-sml-layout":"","ast-disable-related-posts":"","theme-transparent-header-meta":"","adv-header-id-meta":"","stick-header-meta":"","header-above-stick-meta":"","header-main-stick-meta":"","header-below-stick-meta":"","astra-migrate-meta-layouts":"set","ast-page-background-enabled":"default","ast-page-background-meta":{"desktop":{"background-color":"","background-image":"","background-repeat":"repeat","background-position":"center center","background-size":"auto","background-attachment":"scroll","background-type":"","background-media":"","overlay-type":"","overlay-color":"","overlay-opacity":"","overlay-gradient":""},"tablet":{"background-color":"","background-image":"","background-repeat":"repeat","background-position":"center center","background-size":"auto","background-attachment":"scroll","background-type":"","background-media":"","overlay-type":"","overlay-color":"","overlay-opacity":"","overlay-gradient":""},"mobile":{"background-color":"","background-image":"","background-repeat":"repeat","background-position":"center center","background-size":"auto","background-attachment":"scroll","background-type":"","background-media":"","overlay-type":"","overlay-color":"","overlay-opacity":"","overlay-gradient":""}},"ast-content-background-meta":{"desktop":{"background-color":"var(--ast-global-color-5)","background-image":"","background-repeat":"repeat","background-position":"center center","background-size":"auto","background-attachment":"scroll","background-type":"","background-media":"","overlay-type":"","overlay-color":"","overlay-opacity":"","overlay-gradient":""},"tablet":{"background-color":"var(--ast-global-color-5)","background-image":"","background-repeat":"repeat","background-position":"center center","background-size":"auto","background-attachment":"scroll","background-type":"","background-media":"","overlay-type":"","overlay-color":"","overlay-opacity":"","overlay-gradient":""},"mobile":{"background-color":"var(--ast-global-color-5)","background-image":"","background-repeat":"repeat","background-position":"center center","background-size":"auto","background-attachment":"scroll","background-type":"","background-media":"","overlay-type":"","overlay-color":"","overlay-opacity":"","overlay-gradient":""}},"footnotes":""},"categories":[103,298],"tags":[508,505,335,319,501,488,509,503,389,506,504,502,507,510,500],"class_list":["post-21418","post","type-post","status-publish","format-standard","has-post-thumbnail","hentry","category-aprender-a-hacer-pausas","category-congreso-contra-el-burnout","tag-alejandra-vallejo-nagera","tag-atencion-plena","tag-bienestar-laboral","tag-bienestar-personal","tag-bienestar-sin-burnout","tag-congreso-bienestar-sin-burnout","tag-cuidado-emocional","tag-desconectar-del-estres","tag-equilibrio-emocional","tag-hacer-una-pausa","tag-jorge-corella","tag-pausas-conscientes","tag-reducir-el-estres","tag-segundo-congreso-para-prevenir-el-burnout","tag-soltar-cargas-emocionales"],"acf":[],"yoast_head":"<!-- This site is optimized with the Yoast SEO plugin v27.4 - https:\/\/yoast.com\/product\/yoast-seo-wordpress\/ -->\n<title>Haz una pausa con nosotros ?\u2728 - VIAHR<\/title>\n<meta name=\"description\" content=\"Descubre c\u00f3mo las pausas conscientes pueden transformar tu vida. Aprende a desconectar del estr\u00e9s diario, soltar cargas emocionales y reconectar con tu bienestar personal y laboral.\" \/>\n<meta name=\"robots\" content=\"noindex, follow, max-snippet:-1, max-image-preview:large, max-video-preview:-1\" \/>\n<meta property=\"og:locale\" content=\"en_US\" \/>\n<meta property=\"og:type\" content=\"article\" \/>\n<meta property=\"og:title\" content=\"Haz una pausa con nosotros ?\u2728 - VIAHR\" \/>\n<meta property=\"og:description\" content=\"Descubre c\u00f3mo las pausas conscientes pueden transformar tu vida. Aprende a desconectar del estr\u00e9s diario, soltar cargas emocionales y reconectar con tu bienestar personal y laboral.\" \/>\n<meta property=\"og:url\" content=\"https:\/\/viahr.org\/haz-una-pausa-con-nosotros-\ud83c\udf3f\u2728\/\" \/>\n<meta property=\"og:site_name\" content=\"VIAHR\" \/>\n<meta property=\"article:publisher\" content=\"https:\/\/www.facebook.com\/viahr.org\" \/>\n<meta property=\"article:published_time\" content=\"2025-01-07T11:55:36+00:00\" \/>\n<meta property=\"article:modified_time\" content=\"2025-01-07T11:55:37+00:00\" \/>\n<meta property=\"og:image\" content=\"https:\/\/viahr.org\/wp-content\/uploads\/2025\/01\/haz-una-pausa-con-nosotros.webp\" \/>\n\t<meta property=\"og:image:width\" content=\"896\" \/>\n\t<meta property=\"og:image:height\" content=\"512\" \/>\n\t<meta property=\"og:image:type\" content=\"image\/webp\" \/>\n<meta name=\"author\" content=\"Fernanda Prieto\" \/>\n<meta name=\"twitter:card\" content=\"summary_large_image\" \/>\n<meta name=\"twitter:label1\" content=\"Written by\" \/>\n\t<meta name=\"twitter:data1\" content=\"Fernanda Prieto\" \/>\n\t<meta name=\"twitter:label2\" content=\"Est. reading time\" \/>\n\t<meta name=\"twitter:data2\" content=\"3 minutes\" \/>\n<script type=\"application\/ld+json\" class=\"yoast-schema-graph\">{\"@context\":\"https:\\\/\\\/schema.org\",\"@graph\":[{\"@type\":\"Article\",\"@id\":\"https:\\\/\\\/viahr.org\\\/haz-una-pausa-con-nosotros-%f0%9f%8c%bf%e2%9c%a8\\\/#article\",\"isPartOf\":{\"@id\":\"https:\\\/\\\/viahr.org\\\/haz-una-pausa-con-nosotros-%f0%9f%8c%bf%e2%9c%a8\\\/\"},\"author\":{\"name\":\"Fernanda Prieto\",\"@id\":\"https:\\\/\\\/viahr.org\\\/staging\\\/8024\\\/#\\\/schema\\\/person\\\/f76c7eb2fa91e17d85bb6550ab14ebee\"},\"headline\":\"Haz una pausa con nosotros ?\u2728\",\"datePublished\":\"2025-01-07T11:55:36+00:00\",\"dateModified\":\"2025-01-07T11:55:37+00:00\",\"mainEntityOfPage\":{\"@id\":\"https:\\\/\\\/viahr.org\\\/haz-una-pausa-con-nosotros-%f0%9f%8c%bf%e2%9c%a8\\\/\"},\"wordCount\":537,\"commentCount\":0,\"publisher\":{\"@id\":\"https:\\\/\\\/viahr.org\\\/staging\\\/8024\\\/#organization\"},\"image\":{\"@id\":\"https:\\\/\\\/viahr.org\\\/haz-una-pausa-con-nosotros-%f0%9f%8c%bf%e2%9c%a8\\\/#primaryimage\"},\"thumbnailUrl\":\"https:\\\/\\\/viahr.org\\\/staging\\\/8024\\\/wp-content\\\/uploads\\\/2025\\\/01\\\/haz-una-pausa-con-nosotros.webp\",\"keywords\":[\"Alejandra Vallejo-N\u00e1gera\",\"atenci\u00f3n plena\",\"Bienestar laboral\",\"bienestar personal\",\"bienestar sin burnout\",\"Congreso Bienestar sin Burnout\",\"cuidado emocional\",\"desconectar del estr\u00e9s\",\"Equilibrio emocional\",\"hacer una pausa\",\"Jorge Corella\",\"pausas conscientes\",\"reducir el estr\u00e9s\",\"segundo congreso para prevenir el burnout\",\"soltar cargas emocionales\"],\"articleSection\":[\"Aprender a hacer pausas\",\"congreso contra el burnout\"],\"inLanguage\":\"en-US\",\"potentialAction\":[{\"@type\":\"CommentAction\",\"name\":\"Comment\",\"target\":[\"https:\\\/\\\/viahr.org\\\/haz-una-pausa-con-nosotros-%f0%9f%8c%bf%e2%9c%a8\\\/#respond\"]}]},{\"@type\":\"WebPage\",\"@id\":\"https:\\\/\\\/viahr.org\\\/haz-una-pausa-con-nosotros-%f0%9f%8c%bf%e2%9c%a8\\\/\",\"url\":\"https:\\\/\\\/viahr.org\\\/haz-una-pausa-con-nosotros-%f0%9f%8c%bf%e2%9c%a8\\\/\",\"name\":\"Haz una pausa con nosotros ?\u2728 - VIAHR\",\"isPartOf\":{\"@id\":\"https:\\\/\\\/viahr.org\\\/staging\\\/8024\\\/#website\"},\"primaryImageOfPage\":{\"@id\":\"https:\\\/\\\/viahr.org\\\/haz-una-pausa-con-nosotros-%f0%9f%8c%bf%e2%9c%a8\\\/#primaryimage\"},\"image\":{\"@id\":\"https:\\\/\\\/viahr.org\\\/haz-una-pausa-con-nosotros-%f0%9f%8c%bf%e2%9c%a8\\\/#primaryimage\"},\"thumbnailUrl\":\"https:\\\/\\\/viahr.org\\\/staging\\\/8024\\\/wp-content\\\/uploads\\\/2025\\\/01\\\/haz-una-pausa-con-nosotros.webp\",\"datePublished\":\"2025-01-07T11:55:36+00:00\",\"dateModified\":\"2025-01-07T11:55:37+00:00\",\"description\":\"Descubre c\u00f3mo las pausas conscientes pueden transformar tu vida. Aprende a desconectar del estr\u00e9s diario, soltar cargas emocionales y reconectar con tu bienestar personal y laboral.\",\"breadcrumb\":{\"@id\":\"https:\\\/\\\/viahr.org\\\/haz-una-pausa-con-nosotros-%f0%9f%8c%bf%e2%9c%a8\\\/#breadcrumb\"},\"inLanguage\":\"en-US\",\"potentialAction\":[{\"@type\":\"ReadAction\",\"target\":[\"https:\\\/\\\/viahr.org\\\/haz-una-pausa-con-nosotros-%f0%9f%8c%bf%e2%9c%a8\\\/\"]}]},{\"@type\":\"ImageObject\",\"inLanguage\":\"en-US\",\"@id\":\"https:\\\/\\\/viahr.org\\\/haz-una-pausa-con-nosotros-%f0%9f%8c%bf%e2%9c%a8\\\/#primaryimage\",\"url\":\"https:\\\/\\\/viahr.org\\\/staging\\\/8024\\\/wp-content\\\/uploads\\\/2025\\\/01\\\/haz-una-pausa-con-nosotros.webp\",\"contentUrl\":\"https:\\\/\\\/viahr.org\\\/staging\\\/8024\\\/wp-content\\\/uploads\\\/2025\\\/01\\\/haz-una-pausa-con-nosotros.webp\",\"width\":896,\"height\":512,\"caption\":\"haz una pausa con nosotros\"},{\"@type\":\"BreadcrumbList\",\"@id\":\"https:\\\/\\\/viahr.org\\\/haz-una-pausa-con-nosotros-%f0%9f%8c%bf%e2%9c%a8\\\/#breadcrumb\",\"itemListElement\":[{\"@type\":\"ListItem\",\"position\":1,\"name\":\"Portada\",\"item\":\"https:\\\/\\\/viahr.org\\\/\"},{\"@type\":\"ListItem\",\"position\":2,\"name\":\"Haz una pausa con nosotros ?\u2728\"}]},{\"@type\":\"WebSite\",\"@id\":\"https:\\\/\\\/viahr.org\\\/staging\\\/8024\\\/#website\",\"url\":\"https:\\\/\\\/viahr.org\\\/staging\\\/8024\\\/\",\"name\":\"VIAHR\",\"description\":\"Vacation is a human right\",\"publisher\":{\"@id\":\"https:\\\/\\\/viahr.org\\\/staging\\\/8024\\\/#organization\"},\"potentialAction\":[{\"@type\":\"SearchAction\",\"target\":{\"@type\":\"EntryPoint\",\"urlTemplate\":\"https:\\\/\\\/viahr.org\\\/staging\\\/8024\\\/?s={search_term_string}\"},\"query-input\":{\"@type\":\"PropertyValueSpecification\",\"valueRequired\":true,\"valueName\":\"search_term_string\"}}],\"inLanguage\":\"en-US\"},{\"@type\":\"Organization\",\"@id\":\"https:\\\/\\\/viahr.org\\\/staging\\\/8024\\\/#organization\",\"name\":\"VIAHR\",\"alternateName\":\"VIAHR FOUNDATION\",\"url\":\"https:\\\/\\\/viahr.org\\\/staging\\\/8024\\\/\",\"logo\":{\"@type\":\"ImageObject\",\"inLanguage\":\"en-US\",\"@id\":\"https:\\\/\\\/viahr.org\\\/staging\\\/8024\\\/#\\\/schema\\\/logo\\\/image\\\/\",\"url\":\"https:\\\/\\\/viahr.org\\\/staging\\\/8024\\\/wp-content\\\/uploads\\\/2022\\\/06\\\/logotipo-Viahr-Foundation.png\",\"contentUrl\":\"https:\\\/\\\/viahr.org\\\/staging\\\/8024\\\/wp-content\\\/uploads\\\/2022\\\/06\\\/logotipo-Viahr-Foundation.png\",\"width\":320,\"height\":320,\"caption\":\"VIAHR\"},\"image\":{\"@id\":\"https:\\\/\\\/viahr.org\\\/staging\\\/8024\\\/#\\\/schema\\\/logo\\\/image\\\/\"},\"sameAs\":[\"https:\\\/\\\/www.facebook.com\\\/viahr.org\"]},{\"@type\":\"Person\",\"@id\":\"https:\\\/\\\/viahr.org\\\/staging\\\/8024\\\/#\\\/schema\\\/person\\\/f76c7eb2fa91e17d85bb6550ab14ebee\",\"name\":\"Fernanda Prieto\",\"image\":{\"@type\":\"ImageObject\",\"inLanguage\":\"en-US\",\"@id\":\"https:\\\/\\\/secure.gravatar.com\\\/avatar\\\/71a59b6c589b88e6162a5dcc300abad59db23afd695cf661fbf6e9487ab64ab3?s=96&d=mm&r=g\",\"url\":\"https:\\\/\\\/secure.gravatar.com\\\/avatar\\\/71a59b6c589b88e6162a5dcc300abad59db23afd695cf661fbf6e9487ab64ab3?s=96&d=mm&r=g\",\"contentUrl\":\"https:\\\/\\\/secure.gravatar.com\\\/avatar\\\/71a59b6c589b88e6162a5dcc300abad59db23afd695cf661fbf6e9487ab64ab3?s=96&d=mm&r=g\",\"caption\":\"Fernanda Prieto\"}}]}<\/script>\n<!-- \/ Yoast SEO plugin. -->","yoast_head_json":{"title":"Haz una pausa con nosotros ?\u2728 - VIAHR","description":"Descubre c\u00f3mo las pausas conscientes pueden transformar tu vida. Aprende a desconectar del estr\u00e9s diario, soltar cargas emocionales y reconectar con tu bienestar personal y laboral.","robots":{"index":"noindex","follow":"follow","max-snippet":"max-snippet:-1","max-image-preview":"max-image-preview:large","max-video-preview":"max-video-preview:-1"},"og_locale":"en_US","og_type":"article","og_title":"Haz una pausa con nosotros ?\u2728 - VIAHR","og_description":"Descubre c\u00f3mo las pausas conscientes pueden transformar tu vida. Aprende a desconectar del estr\u00e9s diario, soltar cargas emocionales y reconectar con tu bienestar personal y laboral.","og_url":"https:\/\/viahr.org\/haz-una-pausa-con-nosotros-\ud83c\udf3f\u2728\/","og_site_name":"VIAHR","article_publisher":"https:\/\/www.facebook.com\/viahr.org","article_published_time":"2025-01-07T11:55:36+00:00","article_modified_time":"2025-01-07T11:55:37+00:00","og_image":[{"width":896,"height":512,"url":"https:\/\/viahr.org\/wp-content\/uploads\/2025\/01\/haz-una-pausa-con-nosotros.webp","type":"image\/webp"}],"author":"Fernanda Prieto","twitter_card":"summary_large_image","twitter_misc":{"Written by":"Fernanda Prieto","Est. reading time":"3 minutes"},"schema":{"@context":"https:\/\/schema.org","@graph":[{"@type":"Article","@id":"https:\/\/viahr.org\/haz-una-pausa-con-nosotros-%f0%9f%8c%bf%e2%9c%a8\/#article","isPartOf":{"@id":"https:\/\/viahr.org\/haz-una-pausa-con-nosotros-%f0%9f%8c%bf%e2%9c%a8\/"},"author":{"name":"Fernanda Prieto","@id":"https:\/\/viahr.org\/staging\/8024\/#\/schema\/person\/f76c7eb2fa91e17d85bb6550ab14ebee"},"headline":"Haz una pausa con nosotros ?\u2728","datePublished":"2025-01-07T11:55:36+00:00","dateModified":"2025-01-07T11:55:37+00:00","mainEntityOfPage":{"@id":"https:\/\/viahr.org\/haz-una-pausa-con-nosotros-%f0%9f%8c%bf%e2%9c%a8\/"},"wordCount":537,"commentCount":0,"publisher":{"@id":"https:\/\/viahr.org\/staging\/8024\/#organization"},"image":{"@id":"https:\/\/viahr.org\/haz-una-pausa-con-nosotros-%f0%9f%8c%bf%e2%9c%a8\/#primaryimage"},"thumbnailUrl":"https:\/\/viahr.org\/staging\/8024\/wp-content\/uploads\/2025\/01\/haz-una-pausa-con-nosotros.webp","keywords":["Alejandra Vallejo-N\u00e1gera","atenci\u00f3n plena","Bienestar laboral","bienestar personal","bienestar sin burnout","Congreso Bienestar sin Burnout","cuidado emocional","desconectar del estr\u00e9s","Equilibrio emocional","hacer una pausa","Jorge Corella","pausas conscientes","reducir el estr\u00e9s","segundo congreso para prevenir el burnout","soltar cargas emocionales"],"articleSection":["Aprender a hacer pausas","congreso contra el burnout"],"inLanguage":"en-US","potentialAction":[{"@type":"CommentAction","name":"Comment","target":["https:\/\/viahr.org\/haz-una-pausa-con-nosotros-%f0%9f%8c%bf%e2%9c%a8\/#respond"]}]},{"@type":"WebPage","@id":"https:\/\/viahr.org\/haz-una-pausa-con-nosotros-%f0%9f%8c%bf%e2%9c%a8\/","url":"https:\/\/viahr.org\/haz-una-pausa-con-nosotros-%f0%9f%8c%bf%e2%9c%a8\/","name":"Haz una pausa con nosotros ?\u2728 - VIAHR","isPartOf":{"@id":"https:\/\/viahr.org\/staging\/8024\/#website"},"primaryImageOfPage":{"@id":"https:\/\/viahr.org\/haz-una-pausa-con-nosotros-%f0%9f%8c%bf%e2%9c%a8\/#primaryimage"},"image":{"@id":"https:\/\/viahr.org\/haz-una-pausa-con-nosotros-%f0%9f%8c%bf%e2%9c%a8\/#primaryimage"},"thumbnailUrl":"https:\/\/viahr.org\/staging\/8024\/wp-content\/uploads\/2025\/01\/haz-una-pausa-con-nosotros.webp","datePublished":"2025-01-07T11:55:36+00:00","dateModified":"2025-01-07T11:55:37+00:00","description":"Descubre c\u00f3mo las pausas conscientes pueden transformar tu vida. Aprende a desconectar del estr\u00e9s diario, soltar cargas emocionales y reconectar con tu bienestar personal y laboral.","breadcrumb":{"@id":"https:\/\/viahr.org\/haz-una-pausa-con-nosotros-%f0%9f%8c%bf%e2%9c%a8\/#breadcrumb"},"inLanguage":"en-US","potentialAction":[{"@type":"ReadAction","target":["https:\/\/viahr.org\/haz-una-pausa-con-nosotros-%f0%9f%8c%bf%e2%9c%a8\/"]}]},{"@type":"ImageObject","inLanguage":"en-US","@id":"https:\/\/viahr.org\/haz-una-pausa-con-nosotros-%f0%9f%8c%bf%e2%9c%a8\/#primaryimage","url":"https:\/\/viahr.org\/staging\/8024\/wp-content\/uploads\/2025\/01\/haz-una-pausa-con-nosotros.webp","contentUrl":"https:\/\/viahr.org\/staging\/8024\/wp-content\/uploads\/2025\/01\/haz-una-pausa-con-nosotros.webp","width":896,"height":512,"caption":"haz una pausa con nosotros"},{"@type":"BreadcrumbList","@id":"https:\/\/viahr.org\/haz-una-pausa-con-nosotros-%f0%9f%8c%bf%e2%9c%a8\/#breadcrumb","itemListElement":[{"@type":"ListItem","position":1,"name":"Portada","item":"https:\/\/viahr.org\/"},{"@type":"ListItem","position":2,"name":"Haz una pausa con nosotros ?\u2728"}]},{"@type":"WebSite","@id":"https:\/\/viahr.org\/staging\/8024\/#website","url":"https:\/\/viahr.org\/staging\/8024\/","name":"VIAHR","description":"Vacation is a human right","publisher":{"@id":"https:\/\/viahr.org\/staging\/8024\/#organization"},"potentialAction":[{"@type":"SearchAction","target":{"@type":"EntryPoint","urlTemplate":"https:\/\/viahr.org\/staging\/8024\/?s={search_term_string}"},"query-input":{"@type":"PropertyValueSpecification","valueRequired":true,"valueName":"search_term_string"}}],"inLanguage":"en-US"},{"@type":"Organization","@id":"https:\/\/viahr.org\/staging\/8024\/#organization","name":"VIAHR","alternateName":"VIAHR FOUNDATION","url":"https:\/\/viahr.org\/staging\/8024\/","logo":{"@type":"ImageObject","inLanguage":"en-US","@id":"https:\/\/viahr.org\/staging\/8024\/#\/schema\/logo\/image\/","url":"https:\/\/viahr.org\/staging\/8024\/wp-content\/uploads\/2022\/06\/logotipo-Viahr-Foundation.png","contentUrl":"https:\/\/viahr.org\/staging\/8024\/wp-content\/uploads\/2022\/06\/logotipo-Viahr-Foundation.png","width":320,"height":320,"caption":"VIAHR"},"image":{"@id":"https:\/\/viahr.org\/staging\/8024\/#\/schema\/logo\/image\/"},"sameAs":["https:\/\/www.facebook.com\/viahr.org"]},{"@type":"Person","@id":"https:\/\/viahr.org\/staging\/8024\/#\/schema\/person\/f76c7eb2fa91e17d85bb6550ab14ebee","name":"Fernanda Prieto","image":{"@type":"ImageObject","inLanguage":"en-US","@id":"https:\/\/secure.gravatar.com\/avatar\/71a59b6c589b88e6162a5dcc300abad59db23afd695cf661fbf6e9487ab64ab3?s=96&d=mm&r=g","url":"https:\/\/secure.gravatar.com\/avatar\/71a59b6c589b88e6162a5dcc300abad59db23afd695cf661fbf6e9487ab64ab3?s=96&d=mm&r=g","contentUrl":"https:\/\/secure.gravatar.com\/avatar\/71a59b6c589b88e6162a5dcc300abad59db23afd695cf661fbf6e9487ab64ab3?s=96&d=mm&r=g","caption":"Fernanda Prieto"}}]}},"_links":{"self":[{"href":"https:\/\/viahr.org\/staging\/8024\/wp-json\/wp\/v2\/posts\/21418","targetHints":{"allow":["GET"]}}],"collection":[{"href":"https:\/\/viahr.org\/staging\/8024\/wp-json\/wp\/v2\/posts"}],"about":[{"href":"https:\/\/viahr.org\/staging\/8024\/wp-json\/wp\/v2\/types\/post"}],"author":[{"embeddable":true,"href":"https:\/\/viahr.org\/staging\/8024\/wp-json\/wp\/v2\/users\/5"}],"replies":[{"embeddable":true,"href":"https:\/\/viahr.org\/staging\/8024\/wp-json\/wp\/v2\/comments?post=21418"}],"version-history":[{"count":2,"href":"https:\/\/viahr.org\/staging\/8024\/wp-json\/wp\/v2\/posts\/21418\/revisions"}],"predecessor-version":[{"id":21421,"href":"https:\/\/viahr.org\/staging\/8024\/wp-json\/wp\/v2\/posts\/21418\/revisions\/21421"}],"wp:featuredmedia":[{"embeddable":true,"href":"https:\/\/viahr.org\/staging\/8024\/wp-json\/wp\/v2\/media\/21420"}],"wp:attachment":[{"href":"https:\/\/viahr.org\/staging\/8024\/wp-json\/wp\/v2\/media?parent=21418"}],"wp:term":[{"taxonomy":"category","embeddable":true,"href":"https:\/\/viahr.org\/staging\/8024\/wp-json\/wp\/v2\/categories?post=21418"},{"taxonomy":"post_tag","embeddable":true,"href":"https:\/\/viahr.org\/staging\/8024\/wp-json\/wp\/v2\/tags?post=21418"}],"curies":[{"name":"wp","href":"https:\/\/api.w.org\/{rel}","templated":true}]}}